{"id":21,"date":"2005-08-20T17:22:49","date_gmt":"2005-08-20T15:22:49","guid":{"rendered":"http:\/\/www.meinweinkeller.ch\/weinclub\/uncategorized\/donnerstag-25-august-2005-spanisches-vorfeuer\/"},"modified":"2005-08-20T17:22:49","modified_gmt":"2005-08-20T15:22:49","slug":"donnerstag-25-august-2005-spanisches-vorfeuer","status":"publish","type":"post","link":"https:\/\/www.meinweinkeller.ch\/weinclub\/donnerstag-degustationen\/donnerstag-25-august-2005-spanisches-vorfeuer\/","title":{"rendered":"Donnerstag, 25. August 2005: spanisches Vorfeuer"},"content":{"rendered":"<p>Die degustierten Weine:<br \/>\n&#8211; Chardonnay, 1992, Jean Leon, Penedes, Spanien<br \/>\n&#8211; Pesquera Crianza 1989 und 1990, Ribera del Duero, Spanien<br \/>\n<!--more--><br \/>\nVor dem grossen Spanienabend am 3. September waren noch einige \u00e4ltere spanische Otti-Rarit\u00e4ten auf ihren Alterszustand zu testen: harte, aber erfreulich positiv verlaufene Knochenarbeit!<br \/>\nWir begannen mit dem Mitgliederwein, einem 1992er Chardonnay Jean Leon, Penedes. Einmal mehr \u00fcberraschte uns die Traubensorte Chardonnay mit ihrem oft untersch\u00e4tzten Alterungspotential: auch dieser Wein hatte noch einiges an Zitrusaromen anzubieten, dazu Mandeln- und &#8211; als Zeichen der Reife &#8211; dezente Honigd\u00fcfte. Am Gaumen pr\u00e4sentierte er eine ausgewogene, unaufdringliche S\u00e4ure; nur im Abgang schien ein klitzekleiner Alterston durchzuschimmern. Uebereinstimmendes Bewertungsurteil: 3 MeinWeinkellergl\u00e4ser.<br \/>\nPesquera Crianza 1989 und 1990, Ribera del Duero, Flops oder Tops? Zu diesen beiden Weinen gab?s einen Teller mit Parmaschinken (liegt Parma in Spanien???), spanischem Schafsk\u00e4se sowie reifem Emmentaler vom Weltmeister 1999 und 2004.<br \/>\n1989: leichte Altersnoten in der Nase, Maggikraut, animalisch (Pferdestall), dazu gesellt sich aber Sandelholz und Leder. Auf der Zunge etwas d\u00fcnn, die Ueppigkeit eines Ribera del Duero-Weines etwas vermissen lassend, dennoch erstaunlich anhaltendes Finale. Hat den H\u00f6hepunkt zwar \u00fcberschritten, ist aber noch sehr gut trinkbar. Nach zwei Stunden oxydativ und kein Vergn\u00fcgen mehr. Gl\u00e4serverteilung: 3 &#8211; 4.<br \/>\n1990: wirkt gegen\u00fcber dem 89er jugendlich, noch viel Frucht vorhanden, Kaffee, Leder, sehr konzentriert, wuchtig, die meisten erfreuen sich an den kr\u00e4ftigen Tanninen, loben den langen Abgang, nur meine Wenigkeit meinte ein Uebermass an (trockenen) Tanninen zu erkennen und bewertete etwas tiefer: 3 &#8211; 4.5 Gl\u00e4ser.<br \/>\nAls Bettm\u00fcmpfeli sch\u00fcttelte Otti noch ein paar Tropfen Alvear Sherry Pedro Ximenez 2003 aus der Flasche: ein dickfl\u00fcssiges Hochs\u00fcssabenteuer, von dem ein Fingerhut ausreicht, um die Sinne zu benebeln.<\/p>\n","protected":false},"excerpt":{"rendered":"<p>Die degustierten Weine: &#8211; Chardonnay, 1992, Jean Leon, Penedes, Spanien &#8211; Pesquera Crianza 1989 und 1990, Ribera del Duero, Spanien<\/p>\n","protected":false},"author":1,"featured_media":0,"comment_status":"open","ping_status":"open","sticky":false,"template":"","format":"standard","meta":{"footnotes":""},"categories":[4],"tags":[19,47,62,64],"class_list":["post-21","post","type-post","status-publish","format-standard","hentry","category-donnerstag-degustationen","tag-degustation","tag-spanien","tag-wein","tag-winterthur"],"_links":{"self":[{"href":"https:\/\/www.meinweinkeller.ch\/weinclub\/wp-json\/wp\/v2\/posts\/21","targetHints":{"allow":["GET"]}}],"collection":[{"href":"https:\/\/www.meinweinkeller.ch\/weinclub\/wp-json\/wp\/v2\/posts"}],"about":[{"href":"https:\/\/www.meinweinkeller.ch\/weinclub\/wp-json\/wp\/v2\/types\/post"}],"author":[{"embeddable":true,"href":"https:\/\/www.meinweinkeller.ch\/weinclub\/wp-json\/wp\/v2\/users\/1"}],"replies":[{"embeddable":true,"href":"https:\/\/www.meinweinkeller.ch\/weinclub\/wp-json\/wp\/v2\/comments?post=21"}],"version-history":[{"count":0,"href":"https:\/\/www.meinweinkeller.ch\/weinclub\/wp-json\/wp\/v2\/posts\/21\/revisions"}],"wp:attachment":[{"href":"https:\/\/www.meinweinkeller.ch\/weinclub\/wp-json\/wp\/v2\/media?parent=21"}],"wp:term":[{"taxonomy":"category","embeddable":true,"href":"https:\/\/www.meinweinkeller.ch\/weinclub\/wp-json\/wp\/v2\/categories?post=21"},{"taxonomy":"post_tag","embeddable":true,"href":"https:\/\/www.meinweinkeller.ch\/weinclub\/wp-json\/wp\/v2\/tags?post=21"}],"curies":[{"name":"wp","href":"https:\/\/api.w.org\/{rel}","templated":true}]}}