{"id":20,"date":"2005-08-20T17:17:32","date_gmt":"2005-08-20T15:17:32","guid":{"rendered":"http:\/\/www.meinweinkeller.ch\/weinclub\/uncategorized\/weinevent-vom-3-september-spanisches-feuer\/"},"modified":"2005-08-20T17:17:32","modified_gmt":"2005-08-20T15:17:32","slug":"weinevent-vom-3-september-spanisches-feuer","status":"publish","type":"post","link":"https:\/\/www.meinweinkeller.ch\/weinclub\/aus-dem-weinkeller\/weinevent-vom-3-september-spanisches-feuer\/","title":{"rendered":"Weinevent vom 3. September &#8211; spanisches Feuer"},"content":{"rendered":"<p>Der erste Event nach den Sommerferien beginnt fulminant: wir bringen spanisches Temperament in unseren Weinkeller!<\/p>\n<p>Feine spanische Spezialit\u00e4ten mit den dazu passenden spanischen Spitzenweinen lassen uns in vergangenen Urlaubserinnerungen schwelgen.\u00a0<br \/>Die \u00a0&#8222;Flamencogruppe aravi\u00f1as&#8220; wird uns zwischen den servierten K\u00f6stlichkeiten spanisches Feuer vermitteln (Bild: Julia B\u00fcttler)<\/p>\n<p>.<img decoding=\"async\" src=\"http:\/\/meinweinkeller.blogg.de\/files\/2012\/07\/julia_buetler-flamenco.jpg\" \/><\/p>\n<p>Gl\u00fcck f\u00fcr all diejenigen, die schon reserviert haben &#8211; der Anlass ist bereits AUSVERKAUFT!<\/p>\n","protected":false},"excerpt":{"rendered":"<p>Der erste Event nach den Sommerferien beginnt fulminant: wir bringen spanisches Temperament in unseren Weinkeller! Feine spanische Spezialit\u00e4ten mit den dazu passenden spanischen Spitzenweinen lassen uns in vergangenen Urlaubserinnerungen schwelgen.\u00a0Die \u00a0&#8222;Flamencogruppe aravi\u00f1as&#8220; wird uns zwischen den servierten K\u00f6stlichkeiten spanisches Feuer &hellip; <a href=\"https:\/\/www.meinweinkeller.ch\/weinclub\/aus-dem-weinkeller\/weinevent-vom-3-september-spanisches-feuer\/\">Weiterlesen <span class=\"meta-nav\">&rarr;<\/span><\/a><\/p>\n","protected":false},"author":1,"featured_media":0,"comment_status":"open","ping_status":"open","sticky":false,"template":"","format":"standard","meta":{"footnotes":""},"categories":[3],"tags":[],"class_list":["post-20","post","type-post","status-publish","format-standard","hentry","category-aus-dem-weinkeller"],"_links":{"self":[{"href":"https:\/\/www.meinweinkeller.ch\/weinclub\/wp-json\/wp\/v2\/posts\/20","targetHints":{"allow":["GET"]}}],"collection":[{"href":"https:\/\/www.meinweinkeller.ch\/weinclub\/wp-json\/wp\/v2\/posts"}],"about":[{"href":"https:\/\/www.meinweinkeller.ch\/weinclub\/wp-json\/wp\/v2\/types\/post"}],"author":[{"embeddable":true,"href":"https:\/\/www.meinweinkeller.ch\/weinclub\/wp-json\/wp\/v2\/users\/1"}],"replies":[{"embeddable":true,"href":"https:\/\/www.meinweinkeller.ch\/weinclub\/wp-json\/wp\/v2\/comments?post=20"}],"version-history":[{"count":0,"href":"https:\/\/www.meinweinkeller.ch\/weinclub\/wp-json\/wp\/v2\/posts\/20\/revisions"}],"wp:attachment":[{"href":"https:\/\/www.meinweinkeller.ch\/weinclub\/wp-json\/wp\/v2\/media?parent=20"}],"wp:term":[{"taxonomy":"category","embeddable":true,"href":"https:\/\/www.meinweinkeller.ch\/weinclub\/wp-json\/wp\/v2\/categories?post=20"},{"taxonomy":"post_tag","embeddable":true,"href":"https:\/\/www.meinweinkeller.ch\/weinclub\/wp-json\/wp\/v2\/tags?post=20"}],"curies":[{"name":"wp","href":"https:\/\/api.w.org\/{rel}","templated":true}]}}