{"id":193,"date":"2008-11-03T19:54:36","date_gmt":"2008-11-03T17:54:36","guid":{"rendered":"http:\/\/www.meinweinkeller.ch\/weinclub\/uncategorized\/do-degu-vom-6-november-2008-italien-ausserhalb-der-klassischen-gebiete\/"},"modified":"2008-11-03T19:54:36","modified_gmt":"2008-11-03T17:54:36","slug":"do-degu-vom-6-november-2008-italien-ausserhalb-der-klassischen-gebiete","status":"publish","type":"post","link":"https:\/\/www.meinweinkeller.ch\/weinclub\/donnerstag-degustationen\/do-degu-vom-6-november-2008-italien-ausserhalb-der-klassischen-gebiete\/","title":{"rendered":"Do-Degu vom 6. November 2008: Italien &#8211; ausserhalb der klassischen Gebiete"},"content":{"rendered":"<p>Degustierte Weine:<\/p>\n<p>&#8211; Cinqueterre 2007, Forlini Cappellini (Ligurien)<br \/>\n&#8211; Sagrantino di Montefalco 2000, Casale Triocco (Umbrien)<br \/>\n<!--more--><br \/>\nDas kleine Trink-R\u00fcndchen erfrischte sich zur Einstimmung am weissen Cinqueterre 2007, Forlini Cappellini und staunte \u00fcber die exotischen Rebsorten Bosco, Albarola und Vermentino. Boskop oder Gravensteiner, das war schnell mal die Frage, jedenfalls \u00f6bstelte der Wein stark, gefiel aber dennoch wegen seiner jugendlich frischen Art &#8211; h\u00e4tte auch ein R\u00e4uschling aus der Gegend sein k\u00f6nnen!<\/p>\n<p>Der Sagrantino di Montefalco begeisterte die Runde von A &#8211; Z: in der Nase noble Noten von dunklen Beeren; am Gaumen vielschichtig, imposante Statur, wundersch\u00f6n integrierte Tannine, bleibender Abgang! Lecker!<\/p>\n","protected":false},"excerpt":{"rendered":"<p>Degustierte Weine: &#8211; Cinqueterre 2007, Forlini Cappellini (Ligurien) &#8211; Sagrantino di Montefalco 2000, Casale Triocco (Umbrien)<\/p>\n","protected":false},"author":1,"featured_media":0,"comment_status":"open","ping_status":"open","sticky":false,"template":"","format":"standard","meta":{"footnotes":""},"categories":[4],"tags":[],"class_list":["post-193","post","type-post","status-publish","format-standard","hentry","category-donnerstag-degustationen"],"_links":{"self":[{"href":"https:\/\/www.meinweinkeller.ch\/weinclub\/wp-json\/wp\/v2\/posts\/193","targetHints":{"allow":["GET"]}}],"collection":[{"href":"https:\/\/www.meinweinkeller.ch\/weinclub\/wp-json\/wp\/v2\/posts"}],"about":[{"href":"https:\/\/www.meinweinkeller.ch\/weinclub\/wp-json\/wp\/v2\/types\/post"}],"author":[{"embeddable":true,"href":"https:\/\/www.meinweinkeller.ch\/weinclub\/wp-json\/wp\/v2\/users\/1"}],"replies":[{"embeddable":true,"href":"https:\/\/www.meinweinkeller.ch\/weinclub\/wp-json\/wp\/v2\/comments?post=193"}],"version-history":[{"count":0,"href":"https:\/\/www.meinweinkeller.ch\/weinclub\/wp-json\/wp\/v2\/posts\/193\/revisions"}],"wp:attachment":[{"href":"https:\/\/www.meinweinkeller.ch\/weinclub\/wp-json\/wp\/v2\/media?parent=193"}],"wp:term":[{"taxonomy":"category","embeddable":true,"href":"https:\/\/www.meinweinkeller.ch\/weinclub\/wp-json\/wp\/v2\/categories?post=193"},{"taxonomy":"post_tag","embeddable":true,"href":"https:\/\/www.meinweinkeller.ch\/weinclub\/wp-json\/wp\/v2\/tags?post=193"}],"curies":[{"name":"wp","href":"https:\/\/api.w.org\/{rel}","templated":true}]}}