{"id":1915,"date":"2013-09-21T10:06:38","date_gmt":"2013-09-21T10:06:38","guid":{"rendered":"http:\/\/www.meinweinkeller.ch\/weinclub\/?p=1915"},"modified":"2013-11-24T19:56:20","modified_gmt":"2013-11-24T19:56:20","slug":"vorschau-donnerstag-26-september-2013-mas-des-quernes-weinleidenschaft","status":"publish","type":"post","link":"https:\/\/www.meinweinkeller.ch\/weinclub\/donnerstag-degustationen\/vorschau-donnerstag-26-september-2013-mas-des-quernes-weinleidenschaft\/","title":{"rendered":"Donnerstag, 26. September 2013: Spitzenweingut Ceretto aus dem Piemont besucht den Weinclub"},"content":{"rendered":"<p>Der Exportmanager des Spitzenweinguts Ceretto aus dem Piemont mit seinen ber\u00fchmten Barberas, Barbarescos und Barolos war diese Woche in der Schweiz zu Besuch und liess es sich nicht nehmen, auch einen Abstecher in unseren Weinclub zu machen.\u00a0 Wir kamen in den Genuss, absolute Topweine degustieren zu d\u00fcrfen und gleichzeitig spannende Hintergrundinformationen zu bekommen! Vielen Dank und ein grosses Dankesch\u00f6n auch an Benni von Globalwine, der diesen Anlass erm\u00f6glicht hat!<\/p>\n<p>Degustierte Weine:<\/p>\n<p>Blang\u00e8 Arneis Langhe 2012, Ceretto: Birne, Eisz\u00e4ltli, florale Noten; am Gaumen sch\u00f6ne Frische, leichte Bitterkeit, ein Hauch Rests\u00fcsse.<\/p>\n<p>Barbaresco Asij 2007, Ceretto: wunderbare Teernoten, schwarze Kirschen, Leder;\u00a0 am Gaumen erstaunliche Reife zeigend, mittlere L\u00e4nge.<\/p>\n<p>Barolo Zonchera 2009, Ceretto: Teer, Orangenschale, etwas Zedernholz; am Gaumen tritt der Alkohol etwas stark in den Vordergrund, die Harmonie ist noch nicht ganz gefunden, braucht noch Zeit.<\/p>\n<p>Barbaresco Bernadot 2007: Veilchen, Teer, Lakritze &#8211; man k\u00f6nnte stundenlang daran riechen! Am Gaumen eine bet\u00f6rende Eleganz, mit viel Lakritze und einem Hauch Eukalyptus, sehr langes Finale.<\/p>\n<p>Barbaresco Bricco Asili 2007: Mineralischer als der Bernadot, &#8222;k\u00e4lter&#8220;, mit viel Gew\u00fcrzen, Teer, schwarzen Kirschen; am Gaumen wieder mineralisch, kalkig, sehr lang. Im Unterschied zum Bernadot noch zwei, drei Jahre zuwarten.<\/p>\n<p>Barolo Brunate 2005: Kalk, verbrannter Boden, Leder, w\u00fcrzig; am Gaumen rund, Anfang Trinkreife, druckvolles Finale.<\/p>\n<p>Barolo Prapo 2007: Zu Beginn irritierendes Bukett, das von Maggikraut dominiert wird; am Gaumen fast wie ein Port. 20 Minuten sp\u00e4ter: Maggikraut verschwunden, aus dem Port ist ein Traum von Barolo geworden&#8230;<\/p>\n<p>Barolo Bricco Rocche 2006: &#8222;Moderne&#8220; Nase mit roten Fr\u00fcchten, schwarzer Schokolade, Veilchen; am Gaumen noch jugendlich wirkend, der muss sich erst noch finden, die Jugend absch\u00fctteln &#8211; tief vergraben und fr\u00fchstens in 5 Jahren wieder hervorholen!<\/p>\n<p><a href=\"http:\/\/www.meinweinkeller.ch\/weinclub\/wp-content\/uploads\/2013\/09\/ceretto1.jpg\"><img loading=\"lazy\" decoding=\"async\" class=\"alignnone size-full wp-image-1922\" alt=\"ceretto\" src=\"http:\/\/www.meinweinkeller.ch\/weinclub\/wp-content\/uploads\/2013\/09\/ceretto1.jpg\" width=\"640\" height=\"480\" srcset=\"https:\/\/www.meinweinkeller.ch\/weinclub\/wp-content\/uploads\/2013\/09\/ceretto1.jpg 640w, https:\/\/www.meinweinkeller.ch\/weinclub\/wp-content\/uploads\/2013\/09\/ceretto1-300x225.jpg 300w, https:\/\/www.meinweinkeller.ch\/weinclub\/wp-content\/uploads\/2013\/09\/ceretto1-400x300.jpg 400w\" sizes=\"auto, (max-width: 640px) 100vw, 640px\" \/><\/a><\/p>\n<p>&nbsp;<\/p>\n","protected":false},"excerpt":{"rendered":"<p>Der Exportmanager des Spitzenweinguts Ceretto aus dem Piemont mit seinen ber\u00fchmten Barberas, Barbarescos und Barolos war diese Woche in der Schweiz zu Besuch und liess es sich nicht nehmen, auch einen Abstecher in unseren Weinclub zu machen.\u00a0 Wir kamen in &hellip; <a href=\"https:\/\/www.meinweinkeller.ch\/weinclub\/donnerstag-degustationen\/vorschau-donnerstag-26-september-2013-mas-des-quernes-weinleidenschaft\/\">Weiterlesen <span class=\"meta-nav\">&rarr;<\/span><\/a><\/p>\n","protected":false},"author":1,"featured_media":0,"comment_status":"closed","ping_status":"closed","sticky":false,"template":"","format":"standard","meta":{"footnotes":""},"categories":[4],"tags":[],"class_list":["post-1915","post","type-post","status-publish","format-standard","hentry","category-donnerstag-degustationen"],"_links":{"self":[{"href":"https:\/\/www.meinweinkeller.ch\/weinclub\/wp-json\/wp\/v2\/posts\/1915","targetHints":{"allow":["GET"]}}],"collection":[{"href":"https:\/\/www.meinweinkeller.ch\/weinclub\/wp-json\/wp\/v2\/posts"}],"about":[{"href":"https:\/\/www.meinweinkeller.ch\/weinclub\/wp-json\/wp\/v2\/types\/post"}],"author":[{"embeddable":true,"href":"https:\/\/www.meinweinkeller.ch\/weinclub\/wp-json\/wp\/v2\/users\/1"}],"replies":[{"embeddable":true,"href":"https:\/\/www.meinweinkeller.ch\/weinclub\/wp-json\/wp\/v2\/comments?post=1915"}],"version-history":[{"count":7,"href":"https:\/\/www.meinweinkeller.ch\/weinclub\/wp-json\/wp\/v2\/posts\/1915\/revisions"}],"predecessor-version":[{"id":2005,"href":"https:\/\/www.meinweinkeller.ch\/weinclub\/wp-json\/wp\/v2\/posts\/1915\/revisions\/2005"}],"wp:attachment":[{"href":"https:\/\/www.meinweinkeller.ch\/weinclub\/wp-json\/wp\/v2\/media?parent=1915"}],"wp:term":[{"taxonomy":"category","embeddable":true,"href":"https:\/\/www.meinweinkeller.ch\/weinclub\/wp-json\/wp\/v2\/categories?post=1915"},{"taxonomy":"post_tag","embeddable":true,"href":"https:\/\/www.meinweinkeller.ch\/weinclub\/wp-json\/wp\/v2\/tags?post=1915"}],"curies":[{"name":"wp","href":"https:\/\/api.w.org\/{rel}","templated":true}]}}