{"id":190,"date":"2008-10-18T10:00:36","date_gmt":"2008-10-18T08:00:36","guid":{"rendered":"http:\/\/www.meinweinkeller.ch\/weinclub\/uncategorized\/do-degustation-vom-23-oktober-2008-12-5-vol-oder-weniger\/"},"modified":"2008-10-18T10:00:36","modified_gmt":"2008-10-18T08:00:36","slug":"do-degustation-vom-23-oktober-2008-12-5-vol-oder-weniger","status":"publish","type":"post","link":"https:\/\/www.meinweinkeller.ch\/weinclub\/donnerstag-degustationen\/do-degustation-vom-23-oktober-2008-12-5-vol-oder-weniger\/","title":{"rendered":"Do-Degustation vom 23. Oktober 2008: 12.5% vol. oder weniger&#8230;"},"content":{"rendered":"<p>Degustierte Weine:<\/p>\n<p>11% vol:     Riesling &#038; Sylvaner 2005, Urs Pircher, Eglisau<br \/>\n12% vol:     Corbi\u00e8res 1996, Ch\u00e2teau de Caraguilhes (Frankreich)<br \/>\n12% vol:     Ch\u00e2teau Le Roc 1995, C\u00f4tes du Frontonnais (Frankreich)<br \/>\n12% vol:     Rioja Gran Reserva 1982, Paternina (Spanien)<br \/>\n12.5% vol:  Rosso Conero C\u00famaro 1993, Umani Ronchi (Italien)<br \/>\n  6% vol:      Moscato d&#8217;Asti Zagara, Marchesi di Barolo (Italien)<br \/>\n<!--more--><br \/>\nLassen 12% vol.-Leichtgewichte einen anderntags besser aufstehen als 16.5% vol.-Brummer?<br \/>\nDenkste: meine Birne heute Morgen ist schlimmer dran als nach einer Hardcore-Barossa-Degu&#8230;<\/p>\n<p>Urs Pirchers Riesling &#038; Sylvaner zeigte sich herzig mit seinem Restzuckerschw\u00e4nzchen. Einige waren aber ob des doch eher laschen Abgangs leicht entt\u00e4uscht.<\/p>\n<p>Der Corbi\u00e8res Ch\u00e2teau de Caraguilhes kam etwas laktisch daher, wirkte keineswegs wie 12j\u00e4hrig; am Gaumen dann hatte er leider die Sprengkraft eines Blindg\u00e4ngers&#8230;<\/p>\n<p>Der Ch\u00e2teu Le Roc gefiel mit seinem Efeu- und Unterholzkleidchen; am Gaumen wirkte er gr\u00fcn, metallisch und hatte obendrein eine spitze, unangenehme S\u00e4ure. Schade!<\/p>\n<p>Paterninas Rioja Gran Reserva dann lancierte den Abend: herrliche Reifenoten, Leder, alles was des Altersnotenschn\u00fcfflers Nase halt so begehrt; am Gaumen spannend filigran und versehen mit all den herrlichen Feinheiten eines 26j\u00e4hrigen Weingreises!<\/p>\n<p>Der Rosso Conero C\u00famaro verursachte zu Beginn mit seiner schwefeligen Nase leichtes Stirnrunzeln, gefiel dann aber mit etwas Luftkontakt immer besser. Mit grossem Erstaunen durfte man konstatieren, dass der Wein trotz seiner 15 Jahre noch hervorragend in Schuss war und insbesondere mit seinem druckvollen, langen Finale  Anerkennung einheimste.<\/p>\n<p>Als Schlummertrunk sozusagen vor dem obligaten Espresso wurden die 6% vol. Moscato d&#8217;Asti runtergesp\u00fclt: herrlich frisch, s\u00fcffig, f\u00fcr die einen schon fast zu s\u00fcss, f\u00fcr die andern gerade richtig.<\/p>\n","protected":false},"excerpt":{"rendered":"<p>Degustierte Weine: 11% vol: Riesling &#038; Sylvaner 2005, Urs Pircher, Eglisau 12% vol: Corbi\u00e8res 1996, Ch\u00e2teau de Caraguilhes (Frankreich) 12% vol: Ch\u00e2teau Le Roc 1995, C\u00f4tes du Frontonnais (Frankreich) 12% vol: Rioja Gran Reserva 1982, Paternina (Spanien) 12.5% vol: Rosso &hellip; <a href=\"https:\/\/www.meinweinkeller.ch\/weinclub\/donnerstag-degustationen\/do-degustation-vom-23-oktober-2008-12-5-vol-oder-weniger\/\">Weiterlesen <span class=\"meta-nav\">&rarr;<\/span><\/a><\/p>\n","protected":false},"author":1,"featured_media":0,"comment_status":"open","ping_status":"open","sticky":false,"template":"","format":"standard","meta":{"footnotes":""},"categories":[4],"tags":[],"class_list":["post-190","post","type-post","status-publish","format-standard","hentry","category-donnerstag-degustationen"],"_links":{"self":[{"href":"https:\/\/www.meinweinkeller.ch\/weinclub\/wp-json\/wp\/v2\/posts\/190","targetHints":{"allow":["GET"]}}],"collection":[{"href":"https:\/\/www.meinweinkeller.ch\/weinclub\/wp-json\/wp\/v2\/posts"}],"about":[{"href":"https:\/\/www.meinweinkeller.ch\/weinclub\/wp-json\/wp\/v2\/types\/post"}],"author":[{"embeddable":true,"href":"https:\/\/www.meinweinkeller.ch\/weinclub\/wp-json\/wp\/v2\/users\/1"}],"replies":[{"embeddable":true,"href":"https:\/\/www.meinweinkeller.ch\/weinclub\/wp-json\/wp\/v2\/comments?post=190"}],"version-history":[{"count":0,"href":"https:\/\/www.meinweinkeller.ch\/weinclub\/wp-json\/wp\/v2\/posts\/190\/revisions"}],"wp:attachment":[{"href":"https:\/\/www.meinweinkeller.ch\/weinclub\/wp-json\/wp\/v2\/media?parent=190"}],"wp:term":[{"taxonomy":"category","embeddable":true,"href":"https:\/\/www.meinweinkeller.ch\/weinclub\/wp-json\/wp\/v2\/categories?post=190"},{"taxonomy":"post_tag","embeddable":true,"href":"https:\/\/www.meinweinkeller.ch\/weinclub\/wp-json\/wp\/v2\/tags?post=190"}],"curies":[{"name":"wp","href":"https:\/\/api.w.org\/{rel}","templated":true}]}}