{"id":180,"date":"2008-07-13T20:52:06","date_gmt":"2008-07-13T18:52:06","guid":{"rendered":"http:\/\/www.meinweinkeller.ch\/weinclub\/uncategorized\/sommerpause-bis-am-20-august-2008\/"},"modified":"2008-07-13T20:52:06","modified_gmt":"2008-07-13T18:52:06","slug":"sommerpause-bis-am-20-august-2008","status":"publish","type":"post","link":"https:\/\/www.meinweinkeller.ch\/weinclub\/donnerstag-degustationen\/sommerpause-bis-am-20-august-2008\/","title":{"rendered":"Sommerpause bis am 20. August 2008"},"content":{"rendered":"<p>Liebe Clubmitglieder<br \/>\nWir geniessen die Sommerpause und sammeln f\u00fcr Euch neue Leckerbissen.<br \/>\nWir begr\u00fcssen Euch wieder am Donnerstag 21. August 2008 im Weinkeller.<\/p>\n<p>Sch\u00f6ne Ferien<br \/>\nOtti Hintermeister<\/p>\n<p>PS: Habe soeben eine Aufschnittmaschine gekauft &#8211; hoffentlich klappts dieses mal  \ud83d\ude42<\/p>\n","protected":false},"excerpt":{"rendered":"<p>Liebe Clubmitglieder Wir geniessen die Sommerpause und sammeln f\u00fcr Euch neue Leckerbissen. Wir begr\u00fcssen Euch wieder am Donnerstag 21. August 2008 im Weinkeller. Sch\u00f6ne Ferien Otti Hintermeister PS: Habe soeben eine Aufschnittmaschine gekauft &#8211; hoffentlich klappts dieses mal \ud83d\ude42<\/p>\n","protected":false},"author":1,"featured_media":0,"comment_status":"open","ping_status":"open","sticky":false,"template":"","format":"standard","meta":{"footnotes":""},"categories":[4],"tags":[],"class_list":["post-180","post","type-post","status-publish","format-standard","hentry","category-donnerstag-degustationen"],"_links":{"self":[{"href":"https:\/\/www.meinweinkeller.ch\/weinclub\/wp-json\/wp\/v2\/posts\/180","targetHints":{"allow":["GET"]}}],"collection":[{"href":"https:\/\/www.meinweinkeller.ch\/weinclub\/wp-json\/wp\/v2\/posts"}],"about":[{"href":"https:\/\/www.meinweinkeller.ch\/weinclub\/wp-json\/wp\/v2\/types\/post"}],"author":[{"embeddable":true,"href":"https:\/\/www.meinweinkeller.ch\/weinclub\/wp-json\/wp\/v2\/users\/1"}],"replies":[{"embeddable":true,"href":"https:\/\/www.meinweinkeller.ch\/weinclub\/wp-json\/wp\/v2\/comments?post=180"}],"version-history":[{"count":0,"href":"https:\/\/www.meinweinkeller.ch\/weinclub\/wp-json\/wp\/v2\/posts\/180\/revisions"}],"wp:attachment":[{"href":"https:\/\/www.meinweinkeller.ch\/weinclub\/wp-json\/wp\/v2\/media?parent=180"}],"wp:term":[{"taxonomy":"category","embeddable":true,"href":"https:\/\/www.meinweinkeller.ch\/weinclub\/wp-json\/wp\/v2\/categories?post=180"},{"taxonomy":"post_tag","embeddable":true,"href":"https:\/\/www.meinweinkeller.ch\/weinclub\/wp-json\/wp\/v2\/tags?post=180"}],"curies":[{"name":"wp","href":"https:\/\/api.w.org\/{rel}","templated":true}]}}