{"id":1748,"date":"2013-04-21T23:13:47","date_gmt":"2013-04-21T21:13:47","guid":{"rendered":"http:\/\/meinweinkeller.blogg.de\/?p=1748"},"modified":"2013-04-26T19:17:36","modified_gmt":"2013-04-26T19:17:36","slug":"vorschau-donnerstag-25-april-2013-toscana-pre-weinreisedegu","status":"publish","type":"post","link":"https:\/\/www.meinweinkeller.ch\/weinclub\/donnerstag-degustationen\/vorschau-donnerstag-25-april-2013-toscana-pre-weinreisedegu\/","title":{"rendered":"Donnerstag, 25. April 2013: Toscana"},"content":{"rendered":"<p>In der Auffahrtwoche ist der Weinclub auf Verdi Torre in der Toscana eingeladen. Jorge und Otti kennen das Gebiet mit seinen tollen Weinen vom letzten Jahr. Von den vielen Empfehlungen der Cantinettas schlummern noch einige unber\u00fchrt im Keller.<\/p>\n<p>Degustierte Weine:<\/p>\n<p>Monte Bernardi, Riserva 2008: Zur\u00fcckhaltende Nase, kalkig, schwarze Beeren, feines Holz und elegant. Am Gaumen klassisch mit Sangiovese-S\u00e4ure, sehr sch\u00f6n, schwarze Kirschen, Blumen, adstringierend, macht Freude.<\/p>\n<p>Badia a Caltibuono, Chianti Classico 2001: Klassische Chiantinase mit Leder und Braten. Am Gaumen Bratensauce, bissige S\u00e4ure, Kirschen, etwas chemisch, kr\u00e4ftig aber der H\u00f6hepunkt ist vermutlich vorbei.<\/p>\n<p>Tenuta Villa Rosa, Chianti Classico Riserva 2007: Blutig, fleischige Nase, warm, schwarze Kirschen, Caramels\u00fcsse. Am Gaumen Kirschen, kr\u00e4ftig, samtig, Karamell, trocknet im Abgang etwas aus. Ist f\u00fcr viele ok, aber begeistert nicht.<\/p>\n<p>Bibbiano, Vigna del ca Pannino, Riserva 2007: In der Nase Brotrinde, schwarze Fr\u00fcchte, Caramel, kalkig, Kaffenoten. Am Gaumen harmonisch, dunkel und tief mit Karamell und Espresso, modern und doch klassischer Hintergrund mit toller Konzentration, begeistert alle, ein wirklicher toller Chianti!<\/p>\n<p>Riseccoli, Chinati Classico Riserva 2007: Die Nase mit leicht animalischen Noten, gr\u00fcner Holzschnitt, warme schwarze Fr\u00fcchte, tief, Kr\u00e4uter-Hustensirup-Spuren. Am Gaumen schwarze Knellerkirschen, schwarze Schoggi, tief, leicht schweflig, astringenierend, tolle Konzentration. ein toller Wein.<\/p>\n<p>Oreno 2007: huiii, an der Nase Cremen von Vanille, Caramel und Kaffee, modern. Konzentrierter Gaumen , schwarze Fr\u00fcchte, kalter Kaffee, tief, jung, modern, stoffig mit viel noch recht eckigen Taninen. Wird ein ganz Grosser!!<\/p>\n<p>Antinori, Vin Santo 1994: Baumn\u00fcsse, Holz, Madaira, s\u00fcss und sauer, cremig. gef\u00e4llt!<\/p>\n<p><a href=\"http:\/\/www.meinweinkeller.ch\/weinclub\/wp-content\/uploads\/2013\/04\/toscana.jpg\"><img loading=\"lazy\" decoding=\"async\" class=\"alignnone size-full wp-image-1765\" alt=\"toscana\" src=\"http:\/\/www.meinweinkeller.ch\/weinclub\/wp-content\/uploads\/2013\/04\/toscana.jpg\" width=\"640\" height=\"480\" srcset=\"https:\/\/www.meinweinkeller.ch\/weinclub\/wp-content\/uploads\/2013\/04\/toscana.jpg 640w, https:\/\/www.meinweinkeller.ch\/weinclub\/wp-content\/uploads\/2013\/04\/toscana-300x225.jpg 300w, https:\/\/www.meinweinkeller.ch\/weinclub\/wp-content\/uploads\/2013\/04\/toscana-400x300.jpg 400w\" sizes=\"auto, (max-width: 640px) 100vw, 640px\" \/><\/a><\/p>\n","protected":false},"excerpt":{"rendered":"<p>In der Auffahrtwoche ist der Weinclub auf Verdi Torre in der Toscana eingeladen. Jorge und Otti kennen das Gebiet mit seinen tollen Weinen vom letzten Jahr. Von den vielen Empfehlungen der Cantinettas schlummern noch einige unber\u00fchrt im Keller. Degustierte Weine: &hellip; <a href=\"https:\/\/www.meinweinkeller.ch\/weinclub\/donnerstag-degustationen\/vorschau-donnerstag-25-april-2013-toscana-pre-weinreisedegu\/\">Weiterlesen <span class=\"meta-nav\">&rarr;<\/span><\/a><\/p>\n","protected":false},"author":1,"featured_media":0,"comment_status":"open","ping_status":"closed","sticky":false,"template":"","format":"standard","meta":{"footnotes":""},"categories":[4],"tags":[],"class_list":["post-1748","post","type-post","status-publish","format-standard","hentry","category-donnerstag-degustationen"],"_links":{"self":[{"href":"https:\/\/www.meinweinkeller.ch\/weinclub\/wp-json\/wp\/v2\/posts\/1748","targetHints":{"allow":["GET"]}}],"collection":[{"href":"https:\/\/www.meinweinkeller.ch\/weinclub\/wp-json\/wp\/v2\/posts"}],"about":[{"href":"https:\/\/www.meinweinkeller.ch\/weinclub\/wp-json\/wp\/v2\/types\/post"}],"author":[{"embeddable":true,"href":"https:\/\/www.meinweinkeller.ch\/weinclub\/wp-json\/wp\/v2\/users\/1"}],"replies":[{"embeddable":true,"href":"https:\/\/www.meinweinkeller.ch\/weinclub\/wp-json\/wp\/v2\/comments?post=1748"}],"version-history":[{"count":3,"href":"https:\/\/www.meinweinkeller.ch\/weinclub\/wp-json\/wp\/v2\/posts\/1748\/revisions"}],"predecessor-version":[{"id":1764,"href":"https:\/\/www.meinweinkeller.ch\/weinclub\/wp-json\/wp\/v2\/posts\/1748\/revisions\/1764"}],"wp:attachment":[{"href":"https:\/\/www.meinweinkeller.ch\/weinclub\/wp-json\/wp\/v2\/media?parent=1748"}],"wp:term":[{"taxonomy":"category","embeddable":true,"href":"https:\/\/www.meinweinkeller.ch\/weinclub\/wp-json\/wp\/v2\/categories?post=1748"},{"taxonomy":"post_tag","embeddable":true,"href":"https:\/\/www.meinweinkeller.ch\/weinclub\/wp-json\/wp\/v2\/tags?post=1748"}],"curies":[{"name":"wp","href":"https:\/\/api.w.org\/{rel}","templated":true}]}}