{"id":17,"date":"2005-07-21T18:44:13","date_gmt":"2005-07-21T16:44:13","guid":{"rendered":"http:\/\/www.meinweinkeller.ch\/weinclub\/uncategorized\/spezialdegustation-napa-valley-20-jears\/"},"modified":"2005-07-21T18:44:13","modified_gmt":"2005-07-21T16:44:13","slug":"spezialdegustation-napa-valley-20-jears","status":"publish","type":"post","link":"https:\/\/www.meinweinkeller.ch\/weinclub\/spezialdegustationen\/spezialdegustation-napa-valley-20-jears\/","title":{"rendered":"Spezialdegustation &#8211; Napa Valley 20-Jears!"},"content":{"rendered":"<p><font face=\"Verdana\">Folgende Weine werden wir degustieren (ca. 0,6 dl pro Wein und Person):<\/font><br \/><font face=\"Verdana\">Beringer, Private Reserve<\/font><br \/><font face=\"Verdana\">Caymus,CS<\/font><br \/><font face=\"Verdana\">Franciscan, Libary Selection<\/font><br \/><font face=\"Verdana\">William Hill, Reserve<\/font><br \/><font face=\"Verdana\">Jordan, CS<\/font><br \/><font face=\"Verdana\">Buena Vista, L&#8217;ann\u00e9<\/font><br \/><font face=\"Verdana\">Beaulieu Vineyards, Georges de Latour, Private Reserve<\/font><br \/><font face=\"Verdana\">und zum Vergleich j\u00fcngere Br\u00fcder von Caymus und Beringer<\/font><br \/>\n<!--more--><br \/>\n<font face=\"Verdana\">Fr. 90.- \/Person inkl. passenden Speisen<\/font><font face=\"Verdana\"><\/p>\n<p>Bei 10 Anmeldungen f\u00fchren wir eine Spezialdegustation durch (bereits 4 Interessenten).<\/font><br \/><font face=\"Verdana\">Bei Interesse melden Sie sich bei uns per Mail und wir suchen unter den Interessenten ein gemeinsames Datum.<\/font><br \/><font face=\"Verdana\">mail to:<br \/>\n<\/font><a href=\"mailto:%20hintermeister@meinweinkeller.ch\"><font face=\"Verdana\" color=\"Blue\"><u>hintermeister@meinweinkeller.ch<\/u><\/font><\/a><font face=\"Verdana\">&nbsp;<\/font><\/p>\n","protected":false},"excerpt":{"rendered":"<p>Folgende Weine werden wir degustieren (ca. 0,6 dl pro Wein und Person):Beringer, Private ReserveCaymus,CSFranciscan, Libary SelectionWilliam Hill, ReserveJordan, CSBuena Vista, L&#8217;ann\u00e9Beaulieu Vineyards, Georges de Latour, Private Reserveund zum Vergleich j\u00fcngere Br\u00fcder von Caymus und Beringer<\/p>\n","protected":false},"author":1,"featured_media":0,"comment_status":"open","ping_status":"open","sticky":false,"template":"","format":"standard","meta":{"footnotes":""},"categories":[7],"tags":[19,33,36,57,58,62,64],"class_list":["post-17","post","type-post","status-publish","format-standard","hentry","category-spezialdegustationen","tag-degustation","tag-meinweinkeller","tag-napa","tag-usa","tag-valley","tag-wein","tag-winterthur"],"_links":{"self":[{"href":"https:\/\/www.meinweinkeller.ch\/weinclub\/wp-json\/wp\/v2\/posts\/17","targetHints":{"allow":["GET"]}}],"collection":[{"href":"https:\/\/www.meinweinkeller.ch\/weinclub\/wp-json\/wp\/v2\/posts"}],"about":[{"href":"https:\/\/www.meinweinkeller.ch\/weinclub\/wp-json\/wp\/v2\/types\/post"}],"author":[{"embeddable":true,"href":"https:\/\/www.meinweinkeller.ch\/weinclub\/wp-json\/wp\/v2\/users\/1"}],"replies":[{"embeddable":true,"href":"https:\/\/www.meinweinkeller.ch\/weinclub\/wp-json\/wp\/v2\/comments?post=17"}],"version-history":[{"count":0,"href":"https:\/\/www.meinweinkeller.ch\/weinclub\/wp-json\/wp\/v2\/posts\/17\/revisions"}],"wp:attachment":[{"href":"https:\/\/www.meinweinkeller.ch\/weinclub\/wp-json\/wp\/v2\/media?parent=17"}],"wp:term":[{"taxonomy":"category","embeddable":true,"href":"https:\/\/www.meinweinkeller.ch\/weinclub\/wp-json\/wp\/v2\/categories?post=17"},{"taxonomy":"post_tag","embeddable":true,"href":"https:\/\/www.meinweinkeller.ch\/weinclub\/wp-json\/wp\/v2\/tags?post=17"}],"curies":[{"name":"wp","href":"https:\/\/api.w.org\/{rel}","templated":true}]}}