{"id":1697,"date":"2013-02-17T20:04:46","date_gmt":"2013-02-17T18:04:46","guid":{"rendered":"http:\/\/meinweinkeller.blogg.de\/?p=1697"},"modified":"2013-02-17T20:04:46","modified_gmt":"2013-02-17T18:04:46","slug":"vorschau-auf-die-do-degustation-vom-21-februar-2013-zenato-weltklasse-vom-gardasee","status":"publish","type":"post","link":"https:\/\/www.meinweinkeller.ch\/weinclub\/donnerstag-degustationen\/vorschau-auf-die-do-degustation-vom-21-februar-2013-zenato-weltklasse-vom-gardasee\/","title":{"rendered":"Do-Degustation vom 21. Februar 2013: Zenato &#8211; Weltklasse vom Gardasee!"},"content":{"rendered":"<p>Alberto Zenato war schon im Obertor zu Besuch und war begeistert von der besonderen Atmosph\u00e4re in unseren R\u00e4umlichkeiten. Leider hat es aus Zeitgr\u00fcnden (noch) nie f\u00fcr einen Event mit ihm geklappt &#8211; Alberto ist in der ganzen Welt ein gefragter Mann!<\/p>\n<p>Degustierte Weine:<\/p>\n<p>&#8211; Lugana San Benedetto DOC, 2011: Feuerstein, Zitrone, schmeichlerisch; am Gaumen sch\u00f6nes S\u00fcss\/-S\u00e4urespiel, guter Ap\u00e9ro-Wein.<\/p>\n<p>&#8211; Valpolicella Superiore DOC 2010: Herbstlaub, etwas Holz; eher einfach gestrickt, etwas stielig im Gaumen, nicht sehr langer Abgang.<\/p>\n<p>&#8211; Cormi Veneto IGT, 2008: Schokolade, dunkle Beeren, Brombeeren, Kirschen; am Gaumen dann eher rauh, Pelz, leichte Bitterkeit, wird kontrovers beurteilt.<\/p>\n<p>&#8211; Ripassa Valpolicella Superiore DOC 2009: &#8222;Warme&#8220; Nase, \u00fcppig, sch\u00f6n, schmeichlerischer Wein, der gut ankommt.<\/p>\n<p>&#8211; Cresasso Veneto IGT 2006: schwarze Kirschen, Zwetschgenkonfit\u00fcre, Brombeeren; am Gaumen sch\u00f6ne Harmonie, seidene Tannine, langes Finale.<\/p>\n<p>&#8211; Amarone della Valpolicella Classico DOC 2007: Schon fast portweincharakter, ausladend, schwer, ihm fehlt die Finesse des 06er.<\/p>\n<p>&#8211; Amarone della Valpolicella Classico DOC 2008: Vereint die Finesse des 06er mit der Schwere des 07er perfekt: Kirschen, Schokolade, feine Gew\u00fcrze; am Gaumen f\u00fcllig, weich, sehr langes Finale. Ein Monument von Wein.<\/p>\n<p>&nbsp;<\/p>\n<p>&nbsp;<\/p>\n<p><a href=\"http:\/\/meinweinkeller.blogg.de\/files\/2013\/02\/Cantina6.jpg\"><img loading=\"lazy\" decoding=\"async\" class=\"alignnone size-full wp-image-1699\" src=\"http:\/\/meinweinkeller.blogg.de\/files\/2013\/02\/Cantina6.jpg\" alt=\"\" width=\"804\" height=\"500\" \/><\/a><\/p>\n","protected":false},"excerpt":{"rendered":"<p>Alberto Zenato war schon im Obertor zu Besuch und war begeistert von der besonderen Atmosph\u00e4re in unseren R\u00e4umlichkeiten. Leider hat es aus Zeitgr\u00fcnden (noch) nie f\u00fcr einen Event mit ihm geklappt &#8211; Alberto ist in der ganzen Welt ein gefragter &hellip; <a href=\"https:\/\/www.meinweinkeller.ch\/weinclub\/donnerstag-degustationen\/vorschau-auf-die-do-degustation-vom-21-februar-2013-zenato-weltklasse-vom-gardasee\/\">Weiterlesen <span class=\"meta-nav\">&rarr;<\/span><\/a><\/p>\n","protected":false},"author":1,"featured_media":0,"comment_status":"open","ping_status":"closed","sticky":false,"template":"","format":"standard","meta":{"footnotes":""},"categories":[4],"tags":[],"class_list":["post-1697","post","type-post","status-publish","format-standard","hentry","category-donnerstag-degustationen"],"_links":{"self":[{"href":"https:\/\/www.meinweinkeller.ch\/weinclub\/wp-json\/wp\/v2\/posts\/1697","targetHints":{"allow":["GET"]}}],"collection":[{"href":"https:\/\/www.meinweinkeller.ch\/weinclub\/wp-json\/wp\/v2\/posts"}],"about":[{"href":"https:\/\/www.meinweinkeller.ch\/weinclub\/wp-json\/wp\/v2\/types\/post"}],"author":[{"embeddable":true,"href":"https:\/\/www.meinweinkeller.ch\/weinclub\/wp-json\/wp\/v2\/users\/1"}],"replies":[{"embeddable":true,"href":"https:\/\/www.meinweinkeller.ch\/weinclub\/wp-json\/wp\/v2\/comments?post=1697"}],"version-history":[{"count":0,"href":"https:\/\/www.meinweinkeller.ch\/weinclub\/wp-json\/wp\/v2\/posts\/1697\/revisions"}],"wp:attachment":[{"href":"https:\/\/www.meinweinkeller.ch\/weinclub\/wp-json\/wp\/v2\/media?parent=1697"}],"wp:term":[{"taxonomy":"category","embeddable":true,"href":"https:\/\/www.meinweinkeller.ch\/weinclub\/wp-json\/wp\/v2\/categories?post=1697"},{"taxonomy":"post_tag","embeddable":true,"href":"https:\/\/www.meinweinkeller.ch\/weinclub\/wp-json\/wp\/v2\/tags?post=1697"}],"curies":[{"name":"wp","href":"https:\/\/api.w.org\/{rel}","templated":true}]}}