{"id":1687,"date":"2013-02-09T23:59:00","date_gmt":"2013-02-09T21:59:00","guid":{"rendered":"http:\/\/meinweinkeller.blogg.de\/?p=1687"},"modified":"2013-02-09T23:59:00","modified_gmt":"2013-02-09T21:59:00","slug":"vorschau-donnerstag-14-februar-2013-gauby-more","status":"publish","type":"post","link":"https:\/\/www.meinweinkeller.ch\/weinclub\/donnerstag-degustationen\/vorschau-donnerstag-14-februar-2013-gauby-more\/","title":{"rendered":"Donnerstag, 14. Februar 2013: Gauby &#038; more"},"content":{"rendered":"<p>Wir haben noch nie einen Gauby getrunken &#8211; kann das sein!!??<\/p>\n<p>Alle tummeln sich im Schnee und wir geniessen zu zweit:<\/p>\n<p>Domaine Gauby, Vieilles Vignes 2009: Tiefe und \u00fcppige Nase nach schwarzen Kirschen (Kneller Chriesi) und Kr\u00e4uter; harmonisch am Gaumen mit Power, dick und doch saftig und elgant, sch\u00f6nes Tanin S\u00e4ure Gleichgewicht, Kr\u00e4uter und vielleicht leicht stielig. Ein grosser Wein!<\/p>\n<p>La Bastide Saint Dominique, Chateauneuf-du-Pape 2009: huiiiiii, diese herrliche vielf\u00e4ltige Nase nach schwarzen Fr\u00fcchten, Brombeeren, Schokolade. Harmonisch am Gaumen, samtig, cremig, schwarze Beeren, Kr\u00e4uter im Abgang, sch\u00f6ne Tanine, jung, Kr\u00e4uter im Abgang. huuuuuuuhhhhh &#8211; ist das geil geil geil!!!!!!! Alle Jungs, die mit uns im Chateuneuf waren und auf dem Weingut zugeschlagen haben &#8211; freut euch!!!!!!!<br \/>\n<a href=\"http:\/\/meinweinkeller.blogg.de\/files\/2012\/07\/rouss.jpg\"><img loading=\"lazy\" decoding=\"async\" class=\"alignnone size-full wp-image-1375\" src=\"http:\/\/meinweinkeller.blogg.de\/files\/2012\/07\/rouss.jpg\" alt=\"\" width=\"800\" height=\"533\" \/><\/a><\/p>\n","protected":false},"excerpt":{"rendered":"<p>Wir haben noch nie einen Gauby getrunken &#8211; kann das sein!!?? Alle tummeln sich im Schnee und wir geniessen zu zweit: Domaine Gauby, Vieilles Vignes 2009: Tiefe und \u00fcppige Nase nach schwarzen Kirschen (Kneller Chriesi) und Kr\u00e4uter; harmonisch am Gaumen &hellip; <a href=\"https:\/\/www.meinweinkeller.ch\/weinclub\/donnerstag-degustationen\/vorschau-donnerstag-14-februar-2013-gauby-more\/\">Weiterlesen <span class=\"meta-nav\">&rarr;<\/span><\/a><\/p>\n","protected":false},"author":1,"featured_media":0,"comment_status":"open","ping_status":"closed","sticky":false,"template":"","format":"standard","meta":{"footnotes":""},"categories":[4],"tags":[],"class_list":["post-1687","post","type-post","status-publish","format-standard","hentry","category-donnerstag-degustationen"],"_links":{"self":[{"href":"https:\/\/www.meinweinkeller.ch\/weinclub\/wp-json\/wp\/v2\/posts\/1687","targetHints":{"allow":["GET"]}}],"collection":[{"href":"https:\/\/www.meinweinkeller.ch\/weinclub\/wp-json\/wp\/v2\/posts"}],"about":[{"href":"https:\/\/www.meinweinkeller.ch\/weinclub\/wp-json\/wp\/v2\/types\/post"}],"author":[{"embeddable":true,"href":"https:\/\/www.meinweinkeller.ch\/weinclub\/wp-json\/wp\/v2\/users\/1"}],"replies":[{"embeddable":true,"href":"https:\/\/www.meinweinkeller.ch\/weinclub\/wp-json\/wp\/v2\/comments?post=1687"}],"version-history":[{"count":0,"href":"https:\/\/www.meinweinkeller.ch\/weinclub\/wp-json\/wp\/v2\/posts\/1687\/revisions"}],"wp:attachment":[{"href":"https:\/\/www.meinweinkeller.ch\/weinclub\/wp-json\/wp\/v2\/media?parent=1687"}],"wp:term":[{"taxonomy":"category","embeddable":true,"href":"https:\/\/www.meinweinkeller.ch\/weinclub\/wp-json\/wp\/v2\/categories?post=1687"},{"taxonomy":"post_tag","embeddable":true,"href":"https:\/\/www.meinweinkeller.ch\/weinclub\/wp-json\/wp\/v2\/tags?post=1687"}],"curies":[{"name":"wp","href":"https:\/\/api.w.org\/{rel}","templated":true}]}}