{"id":1592,"date":"2012-10-08T20:55:44","date_gmt":"2012-10-08T18:55:44","guid":{"rendered":"http:\/\/meinweinkeller.blogg.de\/?p=1592"},"modified":"2012-10-08T20:55:44","modified_gmt":"2012-10-08T18:55:44","slug":"vorschau-auf-die-do-degu-vom-11-oktober-2012-biodynamische-raritaten-aus-frankreich","status":"publish","type":"post","link":"https:\/\/www.meinweinkeller.ch\/weinclub\/donnerstag-degustationen\/vorschau-auf-die-do-degu-vom-11-oktober-2012-biodynamische-raritaten-aus-frankreich\/","title":{"rendered":"Do-Degustation vom 11. Oktober 2012: Biodynamische Rarit\u00e4ten aus Frankreich!"},"content":{"rendered":"<p>Du meine G\u00fcte, war dieser Abend spannend! Wir tauchten ein in die unbekannte Welt von Weinen aus Savoien und dem franz. Jura &#8211; faszinierend fremd, einzigartig anders &#8211; autochthone Rebsorten, die wir zuvor noch nie geh\u00f6rt hatten!<\/p>\n<p>Degustierte Weine:<\/p>\n<p>&#8211; Allobrogie Argile, Domaine des Ardoisi\u00e8res 2010 (Savoien): Trauben: Mondeuse blanc, Jacqu\u00e8re, Chardonnay. Sehr mineralisch, Aepfel, exotische Nase; am Gaumen sch\u00f6ne Dichte, viel S\u00e4ure. (92 Parker-Punkte).<\/p>\n<p>&#8211; Les Alpes, Dominique Belluard 2010 (Savoien): Traube: Gringet. Honig, Mineralit\u00e4t, \u00fcberreife Gravensteiner, Bergamotte, Wachs; am Gaumen ausdrucksstark, aber gew\u00f6hnungsbed\u00fcrftig. (92 Parker-Punkte).<\/p>\n<p>&#8211; Le Feu, Dominique Belluard 2010 (Savoien): Traube: Gringet. Grosses Bukett mit Noten von Grannysmith-Aepfeln, mineralisch, Blumenwiese; am Gaumen breit, w\u00fcrzig, lang. Authentisch, gradlinig, macht Eindruck! (93 Parker-Punkte).<\/p>\n<p>&#8211; C\u00f4tes du Jura, Jean Macle 2008: Trauben: Chardonnay und Savagnin, oxydativ ausgebaut. Verr\u00fcckte Nase nach Curry, N\u00fcssen, aber auch Zitrusfr\u00fcchten. Es umweht einen der mystische Hauch eines Ch\u00e2teau-Chalon; am Gaumen trocken, wieder N\u00fcsse, sehr lang. Sicher nicht jedermanns Sache, aber wir verneigen uns vor einem \u00fcberraus spannenden Wein.<\/p>\n<p>&#8211; Mondeuse Tradition, Michel Grisard 2005 (Savoien): Traube: Mondeuse. Exotik pur! Weihnachtsger\u00fcche, Zimt, Lebkuchen, eingemachte Kirschen; am Gaumen setzt sich dieses Sammelsurium fort, fast zuviel der fremden Geschm\u00e4cker, Abgang eher kurz.<\/p>\n<p>&#8211; Terrasse du Larzac Le Grand Pas, Pas de l&#8217;Escalette 2008 (Languedoc): Trauben (u.a. Grenache): braucht viel, viel Luft, entwickelt sich immer besser, kommt aber nie an einen Mas Jullien oder Flors de Peira heran. (93 Parker-Punkte).<\/p>\n<p>Fazit: spannender Abend mit neuen Weinerlebnissen! Unvergesslich!!!<\/p>\n","protected":false},"excerpt":{"rendered":"<p>Du meine G\u00fcte, war dieser Abend spannend! Wir tauchten ein in die unbekannte Welt von Weinen aus Savoien und dem franz. Jura &#8211; faszinierend fremd, einzigartig anders &#8211; autochthone Rebsorten, die wir zuvor noch nie geh\u00f6rt hatten! Degustierte Weine: &#8211; &hellip; <a href=\"https:\/\/www.meinweinkeller.ch\/weinclub\/donnerstag-degustationen\/vorschau-auf-die-do-degu-vom-11-oktober-2012-biodynamische-raritaten-aus-frankreich\/\">Weiterlesen <span class=\"meta-nav\">&rarr;<\/span><\/a><\/p>\n","protected":false},"author":1,"featured_media":0,"comment_status":"open","ping_status":"closed","sticky":false,"template":"","format":"standard","meta":{"footnotes":""},"categories":[4],"tags":[],"class_list":["post-1592","post","type-post","status-publish","format-standard","hentry","category-donnerstag-degustationen"],"_links":{"self":[{"href":"https:\/\/www.meinweinkeller.ch\/weinclub\/wp-json\/wp\/v2\/posts\/1592","targetHints":{"allow":["GET"]}}],"collection":[{"href":"https:\/\/www.meinweinkeller.ch\/weinclub\/wp-json\/wp\/v2\/posts"}],"about":[{"href":"https:\/\/www.meinweinkeller.ch\/weinclub\/wp-json\/wp\/v2\/types\/post"}],"author":[{"embeddable":true,"href":"https:\/\/www.meinweinkeller.ch\/weinclub\/wp-json\/wp\/v2\/users\/1"}],"replies":[{"embeddable":true,"href":"https:\/\/www.meinweinkeller.ch\/weinclub\/wp-json\/wp\/v2\/comments?post=1592"}],"version-history":[{"count":0,"href":"https:\/\/www.meinweinkeller.ch\/weinclub\/wp-json\/wp\/v2\/posts\/1592\/revisions"}],"wp:attachment":[{"href":"https:\/\/www.meinweinkeller.ch\/weinclub\/wp-json\/wp\/v2\/media?parent=1592"}],"wp:term":[{"taxonomy":"category","embeddable":true,"href":"https:\/\/www.meinweinkeller.ch\/weinclub\/wp-json\/wp\/v2\/categories?post=1592"},{"taxonomy":"post_tag","embeddable":true,"href":"https:\/\/www.meinweinkeller.ch\/weinclub\/wp-json\/wp\/v2\/tags?post=1592"}],"curies":[{"name":"wp","href":"https:\/\/api.w.org\/{rel}","templated":true}]}}