{"id":137,"date":"2007-09-28T07:23:52","date_gmt":"2007-09-28T05:23:52","guid":{"rendered":"http:\/\/www.meinweinkeller.ch\/weinclub\/uncategorized\/donnerstag-degu-vom-4-oktober-07-bestseller-aus-dem-fasskeller-auf-der-reise-nach-iberia\/"},"modified":"2007-09-28T07:23:52","modified_gmt":"2007-09-28T05:23:52","slug":"donnerstag-degu-vom-4-oktober-07-bestseller-aus-dem-fasskeller-auf-der-reise-nach-iberia","status":"publish","type":"post","link":"https:\/\/www.meinweinkeller.ch\/weinclub\/donnerstag-degustationen\/donnerstag-degu-vom-4-oktober-07-bestseller-aus-dem-fasskeller-auf-der-reise-nach-iberia\/","title":{"rendered":"Donnerstag-Degu vom 4. Oktober 07: Bestseller aus dem Fasskeller! Auf der Reise nach Iberia"},"content":{"rendered":"<p>Die Reise aus dem Fasskeller f\u00fchrte \u00fcber das Piemont zum Apero ins Ribero del Duero und einem Ausflug nach Portugal und dem Toro mit herrlichen Spezialt\u00e4ten aus dem Piemont von Stefan:<br \/>Rovere 2004, Cantina Sant&#8216; Evsio<br \/>Hacienda Monasterio 1995<br \/>Toro 2001 (Name folgt)<br \/>Terra de Zambujeiro 2003<br \/>Ibernoble Crianza 1995<br \/>Conadae Haza 1996<\/p>\n<p><!--more--><br \/>\nUnsere Eindr\u00fccke:<br \/>Rovere 2004, Cantina Sant&#8216; Evsio (danke an Stefan) &#8211; Spezialit\u00e4t &#8211; trockener Moscato d&#8217;Asti:<br \/>Nase: Eiszeltli, frisch, Muskateller  <br \/>Am Gaumen: Zitrus, Birnen, Quitten, Eiszeltli!, nicht mundf\u00fcllend &#8211; etwas fehlt<br \/>Hacienda Monasterio 1995:<br \/>Nase: reife fast \u00fcberreife Nase, R\u00f6staromen<br \/>Am Gaumen: sehr kurz &#8211; Marc vor seiner Abreise nach LA: Lang, zusammen mit Stefans K\u00e4se-Feigen-Br\u00f6tli tats\u00e4chlich eine lange sch\u00f6ne Harmonie!, aus dem Glas wirkt er aber eher langweilig mit einer gewissen todess\u00fcsse. Jedenfalls keine feurige Kubanerin, wie sich Marco und Benedikt gerne erhofft h\u00e4tten.<br \/>Toro 2001 (Name folgt):<br \/>Nase: Blaubeeren, Brombeeren, Leder, Zedern &#8211; f\u00fcr die meisten ganz toll<br \/>Am Gaumen: &#8230; keine Stuckdecke &#8230;. n\u00f6 n\u00f6 eindeutig eine Blockh\u00fctte &#8230;. auf Weinsprache: jung, pelzig, lang, dunkle Beeren, eine sch\u00f6ne Designerpf\u00fctze mit wenig Autenzit\u00e4t &#8230;. und wo ist das Blockhaus (fragt Benedikt)<br \/>Terra de Zambujeiro 2003:<br \/>Nase: dunkle Beeren, leicht animalisch, ein Feuerwerk, leicht erdig<br \/>Am Gaumen: sehr gut, zuviel Alkohol, lang, viele feine Noten, etwas toter Vogel\u00a0 &#8230;&#8230; eine Laubh\u00fctte, aber in gelb-roten Herbstfarben<br \/>Ibernoble Crianza 1995:<br \/>Velosattel mit einer nackten &#8230; hmkmm .., Zwiebeld\u00e4mpfe, moschtige Zwetschgen, Altersnoten, macht keine Freude mehr<br \/>Conadae Haza 1996:<br \/>Reifer Duft nach Gummi und etwas animalisch, Kohlens\u00e4ure, Spinnweben-Patina, &#8217;seichelet&#8216;? Mag auch nicht zu \u00fcberzeugen<br \/>Um uns aus den Kellerspinnweben zu holen bringt Marco verdeckt einen Kaiken Malbec.<\/p>\n","protected":false},"excerpt":{"rendered":"<p>Die Reise aus dem Fasskeller f\u00fchrte \u00fcber das Piemont zum Apero ins Ribero del Duero und einem Ausflug nach Portugal und dem Toro mit herrlichen Spezialt\u00e4ten aus dem Piemont von Stefan:Rovere 2004, Cantina Sant&#8216; EvsioHacienda Monasterio 1995Toro 2001 (Name folgt)Terra &hellip; <a href=\"https:\/\/www.meinweinkeller.ch\/weinclub\/donnerstag-degustationen\/donnerstag-degu-vom-4-oktober-07-bestseller-aus-dem-fasskeller-auf-der-reise-nach-iberia\/\">Weiterlesen <span class=\"meta-nav\">&rarr;<\/span><\/a><\/p>\n","protected":false},"author":1,"featured_media":0,"comment_status":"open","ping_status":"open","sticky":false,"template":"","format":"standard","meta":{"footnotes":""},"categories":[4],"tags":[19,33,62,64],"class_list":["post-137","post","type-post","status-publish","format-standard","hentry","category-donnerstag-degustationen","tag-degustation","tag-meinweinkeller","tag-wein","tag-winterthur"],"_links":{"self":[{"href":"https:\/\/www.meinweinkeller.ch\/weinclub\/wp-json\/wp\/v2\/posts\/137","targetHints":{"allow":["GET"]}}],"collection":[{"href":"https:\/\/www.meinweinkeller.ch\/weinclub\/wp-json\/wp\/v2\/posts"}],"about":[{"href":"https:\/\/www.meinweinkeller.ch\/weinclub\/wp-json\/wp\/v2\/types\/post"}],"author":[{"embeddable":true,"href":"https:\/\/www.meinweinkeller.ch\/weinclub\/wp-json\/wp\/v2\/users\/1"}],"replies":[{"embeddable":true,"href":"https:\/\/www.meinweinkeller.ch\/weinclub\/wp-json\/wp\/v2\/comments?post=137"}],"version-history":[{"count":0,"href":"https:\/\/www.meinweinkeller.ch\/weinclub\/wp-json\/wp\/v2\/posts\/137\/revisions"}],"wp:attachment":[{"href":"https:\/\/www.meinweinkeller.ch\/weinclub\/wp-json\/wp\/v2\/media?parent=137"}],"wp:term":[{"taxonomy":"category","embeddable":true,"href":"https:\/\/www.meinweinkeller.ch\/weinclub\/wp-json\/wp\/v2\/categories?post=137"},{"taxonomy":"post_tag","embeddable":true,"href":"https:\/\/www.meinweinkeller.ch\/weinclub\/wp-json\/wp\/v2\/tags?post=137"}],"curies":[{"name":"wp","href":"https:\/\/api.w.org\/{rel}","templated":true}]}}